{"id":1997,"date":"2020-01-22T14:36:42","date_gmt":"2020-01-22T14:36:42","guid":{"rendered":"https:\/\/www.youthottawa.ca\/?p=1997"},"modified":"2020-01-22T14:57:26","modified_gmt":"2020-01-22T14:57:26","slug":"youthstories-empowerem","status":"publish","type":"post","link":"https:\/\/www.youthottawa.ca\/fr\/youthstories-empowerem\/","title":{"rendered":"Pleins feux sur les jeunes"},"content":{"rendered":"<div data-elementor-type=\"wp-post\" data-elementor-id=\"1997\" class=\"elementor elementor-1997\">\n\t\t\t\t\t\t<div class=\"elementor-inner\">\n\t\t\t\t<div class=\"elementor-section-wrap\">\n\t\t\t\t\t\t\t\t\t<section class=\"has_eae_slider elementor-section elementor-top-section elementor-element elementor-element-7c2be218 elementor-section-content-bottom elementor-section-boxed elementor-section-height-default elementor-section-height-default\" data-id=\"7c2be218\" data-element_type=\"section\" data-settings=\"{&quot;background_background&quot;:&quot;classic&quot;}\">\n\t\t\t\t\t\t<div class=\"elementor-container elementor-column-gap-default\">\n\t\t\t\t\t\t\t<div class=\"elementor-row\">\n\t\t\t\t\t<div class=\"has_eae_slider elementor-column elementor-col-50 elementor-top-column elementor-element elementor-element-5fcb6877\" data-id=\"5fcb6877\" data-element_type=\"column\" data-settings=\"{&quot;background_background&quot;:&quot;classic&quot;}\">\n\t\t\t<div class=\"elementor-column-wrap elementor-element-populated\">\n\t\t\t\t\t\t\t<div class=\"elementor-widget-wrap\">\n\t\t\t\t\t\t<div class=\"elementor-element elementor-element-4fb4b9bc elementor-widget elementor-widget-heading\" data-id=\"4fb4b9bc\" data-element_type=\"widget\" data-widget_type=\"heading.default\">\n\t\t\t\t<div class=\"elementor-widget-container\">\n\t\t\t<h1 class=\"elementor-heading-title elementor-size-large\">Plein feux sur les jeunes<\/h1>\t\t<\/div>\n\t\t\t\t<\/div>\n\t\t\t\t<div class=\"elementor-element elementor-element-32491472 elementor-widget elementor-widget-text-editor\" data-id=\"32491472\" data-element_type=\"widget\" data-widget_type=\"text-editor.default\">\n\t\t\t\t<div class=\"elementor-widget-container\">\n\t\t\t\t\t\t\t\t<div class=\"elementor-text-editor elementor-clearfix\">\n\t\t\t\t<p><span style=\"font-weight: 400;\">Nayaelah Siddiqui est une \u00e9tudiante de 24 ans en derni\u00e8re ann\u00e9e \u00e0 l'Universit\u00e9 d'Ottawa. Pendant ses \u00e9tudes, Nayaelah travaille \u00e9galement pour les affaires mondiales au sein de la Direction g\u00e9n\u00e9rale de la plateforme internationale et est une entrepreneure qui g\u00e8re \u00a8Empower\u2019em\u00a8, un groupe de base qui offre des espaces s\u00e9curitaires et des programmes de leadership accessibles aux jeunes femmes de couleur dans la ville d'Ottawa.<\/span><\/p>\t\t\t\t\t<\/div>\n\t\t\t\t\t\t<\/div>\n\t\t\t\t<\/div>\n\t\t\t\t\t\t<\/div>\n\t\t\t\t\t<\/div>\n\t\t<\/div>\n\t\t\t\t<div class=\"has_eae_slider elementor-column elementor-col-50 elementor-top-column elementor-element elementor-element-6c409c6d\" data-id=\"6c409c6d\" data-element_type=\"column\">\n\t\t\t<div class=\"elementor-column-wrap\">\n\t\t\t\t\t\t\t<div class=\"elementor-widget-wrap\">\n\t\t\t\t\t\t\t\t<\/div>\n\t\t\t\t\t<\/div>\n\t\t<\/div>\n\t\t\t\t\t\t\t\t<\/div>\n\t\t\t\t\t<\/div>\n\t\t<\/section>\n\t\t\t\t<section class=\"has_eae_slider elementor-section elementor-top-section elementor-element elementor-element-6d4b6c96 elementor-section-boxed elementor-section-height-default elementor-section-height-default\" data-id=\"6d4b6c96\" data-element_type=\"section\">\n\t\t\t\t\t\t<div class=\"elementor-container elementor-column-gap-default\">\n\t\t\t\t\t\t\t<div class=\"elementor-row\">\n\t\t\t\t\t<div class=\"has_eae_slider elementor-column elementor-col-100 elementor-top-column elementor-element elementor-element-35714021\" data-id=\"35714021\" data-element_type=\"column\">\n\t\t\t<div class=\"elementor-column-wrap elementor-element-populated\">\n\t\t\t\t\t\t\t<div class=\"elementor-widget-wrap\">\n\t\t\t\t\t\t<div class=\"elementor-element elementor-element-4fd43c1b elementor-widget elementor-widget-heading\" data-id=\"4fd43c1b\" data-element_type=\"widget\" data-widget_type=\"heading.default\">\n\t\t\t\t<div class=\"elementor-widget-container\">\n\t\t\t<h2 class=\"elementor-heading-title elementor-size-large\">\"Quand j'ai commenc\u00e9 \u00e0 \u00a8Empower'em\u00a8 il y a 6 ans, ce n'\u00e9tait pas quelque chose que j'avais l'intention de commencer\"<\/h2>\t\t<\/div>\n\t\t\t\t<\/div>\n\t\t\t\t<div class=\"elementor-element elementor-element-63cdbfb3 elementor-widget elementor-widget-text-editor\" data-id=\"63cdbfb3\" data-element_type=\"widget\" data-widget_type=\"text-editor.default\">\n\t\t\t\t<div class=\"elementor-widget-container\">\n\t\t\t\t\t\t\t\t<div class=\"elementor-text-editor elementor-clearfix\">\n\t\t\t\t<p><span style=\"font-weight: 400;\">Ayant grandi en tant que minorit\u00e9 visible, j'ai \u00e9t\u00e9 confront\u00e9 \u00e0 de nombreuses in\u00e9galit\u00e9s et je le suis encore aujourd'hui. Je porte un hijab et, par cons\u00e9quent, j'ai \u00e9t\u00e9 victime de discrimination d'innombrables fois. Cependant, la v\u00e9ritable motivation derri\u00e8re le lancement \u00a8d'Empower'em\u00a8 a \u00e9t\u00e9 lorsque j'ai r\u00e9alis\u00e9 qu'il n'y avait pas d'espace pour les femmes musulmanes pour partager leurs exp\u00e9riences et se connecter les unes aux autres. Il y avait une lacune dans les services offerts dans la communaut\u00e9 et j'avais bien l'impression d\u2019avoir besoin d'une communaut\u00e9. J'ai d\u00e9cid\u00e9 de cr\u00e9er un espace s\u00fbr pour trouver du soutien aupr\u00e8s de mes pairs.<\/span><\/p><p><span style=\"font-weight: 400;\">J\u2019ai lanc\u00e9 \u00a8Empower\u2019em\u00a8 sp\u00e9cialement pour les femmes musulmanes, mais alors que nous avons commenc\u00e9 \u00e0 rencontrer des gens lors de nos \u00e9v\u00e9nements, j\u2019ai rapidement r\u00e9alis\u00e9 la n\u00e9cessit\u00e9 de red\u00e9finir notre mandat pour inclure les femmes racialis\u00e9es de nombreux milieux. Des jeunes femmes de tous horizons venaient \u00e0 nos \u00e9v\u00e9nements et utilisaient l'espace pour parler de leurs exp\u00e9riences.<\/span><\/p><p><span style=\"font-weight: 400;\">Notre premier atelier a eu lieu en ao\u00fbt 2013. J'ai dirig\u00e9 un atelier sur l'adoption de sa v\u00e9ritable identit\u00e9 devant un groupe de 15 \u00e0 20 personnes. Compte tenu du succ\u00e8s du premier \u00e9v\u00e9nement, j'ai d\u00e9cid\u00e9 de continuer \u00e0 organiser de telles rencontres. J'ai appris \u00e0 concevoir des affiches, \u00e0 r\u00e9diger des demandes de subvention, \u00e0 cr\u00e9er un site Web, un bulletin d\u2019information et finalement j'ai recrut\u00e9 une \u00e9quipe. <\/span><b>Aujourd'hui, nos \u00e9v\u00e9nements accueillent entre 15 et 65 jeunes femmes selon le type de rencontre s\u00e9curis\u00e9e. Certains de nos mod\u00e8les de programmation fonctionnent gr\u00e2ce \u00e0 des groupes de soutien par les pairs. <\/b><\/p>\t\t\t\t\t<\/div>\n\t\t\t\t\t\t<\/div>\n\t\t\t\t<\/div>\n\t\t\t\t<div class=\"elementor-element elementor-element-71589c8 elementor-widget elementor-widget-image\" data-id=\"71589c8\" data-element_type=\"widget\" data-widget_type=\"image.default\">\n\t\t\t\t<div class=\"elementor-widget-container\">\n\t\t\t\t\t\t\t\t<div class=\"elementor-image\">\n\t\t\t\t\t\t\t\t\t\t\t\t<img loading=\"lazy\" decoding=\"async\" width=\"2048\" height=\"1463\" src=\"https:\/\/www.youthottawa.ca\/wp-content\/uploads\/2019\/12\/Nayaelah-3.jpg\" class=\"attachment-full size-full wp-image-2008\" alt=\"\" srcset=\"https:\/\/www.youthottawa.ca\/wp-content\/uploads\/2019\/12\/Nayaelah-3.jpg 2048w, https:\/\/www.youthottawa.ca\/wp-content\/uploads\/2019\/12\/Nayaelah-3-300x214.jpg 300w, https:\/\/www.youthottawa.ca\/wp-content\/uploads\/2019\/12\/Nayaelah-3-768x549.jpg 768w, https:\/\/www.youthottawa.ca\/wp-content\/uploads\/2019\/12\/Nayaelah-3-1024x732.jpg 1024w\" sizes=\"auto, 100vw\" \/>\t\t\t\t\t\t\t\t\t\t\t\t\t\t<\/div>\n\t\t\t\t\t\t<\/div>\n\t\t\t\t<\/div>\n\t\t\t\t\t\t<\/div>\n\t\t\t\t\t<\/div>\n\t\t<\/div>\n\t\t\t\t\t\t\t\t<\/div>\n\t\t\t\t\t<\/div>\n\t\t<\/section>\n\t\t\t\t<section class=\"has_eae_slider elementor-section elementor-top-section elementor-element elementor-element-ea045c3 elementor-section-boxed elementor-section-height-default elementor-section-height-default\" data-id=\"ea045c3\" data-element_type=\"section\">\n\t\t\t\t\t\t<div class=\"elementor-container elementor-column-gap-default\">\n\t\t\t\t\t\t\t<div class=\"elementor-row\">\n\t\t\t\t\t<div class=\"has_eae_slider elementor-column elementor-col-100 elementor-top-column elementor-element elementor-element-21b3fcd\" data-id=\"21b3fcd\" data-element_type=\"column\">\n\t\t\t<div class=\"elementor-column-wrap elementor-element-populated\">\n\t\t\t\t\t\t\t<div class=\"elementor-widget-wrap\">\n\t\t\t\t\t\t<div class=\"elementor-element elementor-element-b7217af elementor-widget elementor-widget-text-editor\" data-id=\"b7217af\" data-element_type=\"widget\" data-widget_type=\"text-editor.default\">\n\t\t\t\t<div class=\"elementor-widget-container\">\n\t\t\t\t\t\t\t\t<div class=\"elementor-text-editor elementor-clearfix\">\n\t\t\t\t<p><span style=\"font-weight: 400;\">Cette ann\u00e9e, nous avons cr\u00e9\u00e9 un groupe confidentiel de soutien par les pairs en sant\u00e9 mentale, pour permettre aux femmes de discuter de sujets tabous dans un environnement s\u00fbr et pour leur faire savoir qu'elles ne sont pas seules dans cette lutte. Le fait de rencontrer d'autres personnes confront\u00e9es \u00e0 des difficult\u00e9s similaires a aid\u00e9 les participantes \u00e0 notre programme \u00e0 se sentir comme si elles n'\u00e9taient pas seules dans ce combat. Ce programme est n\u00e9 de mes propres exp\u00e9riences et un \u00e9l\u00e9ment cl\u00e9 \u00e9tait de comprendre \u00e0 quel point les services de sant\u00e9 mentale \u00e9taient inaccessibles aux communaut\u00e9s marginalis\u00e9es. Souvent, le soutien professionnel impliquait de voir un conseiller qui ne refl\u00e9tait pas ou ne partageait pas les m\u00eames croyances et valeurs ou qui n\u2019avait pas de formation culturelle.&nbsp;<\/span><\/p>\n<p><b>Aujourd'hui, tous nos programmes visent \u00e0 cr\u00e9er des \u00e9v\u00e9nements inclusifs et \u00e0 offrir des programmes accessibles \u00e0 toutes les femmes de couleur marginalis\u00e9es de la ville.&nbsp;<\/b><\/p><p><span style=\"font-weight: 400;\">Nous esp\u00e9rons lancer un programme de mentorat durable qui jumelle de jeunes femmes de couleur \u00e0 des femmes de couleur plus exp\u00e9riment\u00e9es afin qu'elles puissent avoir un mentor qui partage les m\u00eames valeurs et croyances qu'elles.<\/span><\/p>\t\t\t\t\t<\/div>\n\t\t\t\t\t\t<\/div>\n\t\t\t\t<\/div>\n\t\t\t\t\t\t<\/div>\n\t\t\t\t\t<\/div>\n\t\t<\/div>\n\t\t\t\t\t\t\t\t<\/div>\n\t\t\t\t\t<\/div>\n\t\t<\/section>\n\t\t\t\t<section class=\"has_eae_slider elementor-section elementor-top-section elementor-element elementor-element-3a7cc1f1 elementor-section-content-middle elementor-section-boxed elementor-section-height-default elementor-section-height-default\" data-id=\"3a7cc1f1\" data-element_type=\"section\" data-settings=\"{&quot;background_background&quot;:&quot;classic&quot;}\">\n\t\t\t\t\t\t<div class=\"elementor-container elementor-column-gap-no\">\n\t\t\t\t\t\t\t<div class=\"elementor-row\">\n\t\t\t\t\t<div class=\"has_eae_slider elementor-column elementor-col-50 elementor-top-column elementor-element elementor-element-4f3a454e\" data-id=\"4f3a454e\" data-element_type=\"column\" data-settings=\"{&quot;background_background&quot;:&quot;classic&quot;}\">\n\t\t\t<div class=\"elementor-column-wrap elementor-element-populated\">\n\t\t\t\t\t\t\t<div class=\"elementor-widget-wrap\">\n\t\t\t\t\t\t<div class=\"elementor-element elementor-element-702ba040 elementor-widget elementor-widget-text-editor\" data-id=\"702ba040\" data-element_type=\"widget\" data-widget_type=\"text-editor.default\">\n\t\t\t\t<div class=\"elementor-widget-container\">\n\t\t\t\t\t\t\t\t<div class=\"elementor-text-editor elementor-clearfix\">\n\t\t\t\t<p><span style=\"font-weight: 400;\">\u00abJ'ai lanc\u00e9 \u00a8Empower\u2019em\u00a8 sp\u00e9cifiquement pour les femmes musulmanes en raison du besoin que je voyais chez mes pairs, mais alors que nous avons commenc\u00e9 \u00e0 faire des rencontres avec des gens \u00e0 travers nos \u00e9v\u00e9nements, j'ai rapidement r\u00e9alis\u00e9 la n\u00e9cessit\u00e9 de r\u00e9am\u00e9nager notre mandat pour inclure les femmes racialis\u00e9es de toutes origines\u00bb.<\/span><\/p>\t\t\t\t\t<\/div>\n\t\t\t\t\t\t<\/div>\n\t\t\t\t<\/div>\n\t\t\t\t\t\t<\/div>\n\t\t\t\t\t<\/div>\n\t\t<\/div>\n\t\t\t\t<div class=\"has_eae_slider elementor-column elementor-col-50 elementor-top-column elementor-element elementor-element-21dfa54d\" data-id=\"21dfa54d\" data-element_type=\"column\">\n\t\t\t<div class=\"elementor-column-wrap elementor-element-populated\">\n\t\t\t\t\t\t\t<div class=\"elementor-widget-wrap\">\n\t\t\t\t\t\t<div class=\"elementor-element elementor-element-471ae8b4 elementor-widget elementor-widget-image\" data-id=\"471ae8b4\" data-element_type=\"widget\" data-widget_type=\"image.default\">\n\t\t\t\t<div class=\"elementor-widget-container\">\n\t\t\t\t\t\t\t\t<div class=\"elementor-image\">\n\t\t\t\t\t\t\t\t\t\t\t\t<img loading=\"lazy\" decoding=\"async\" width=\"3972\" height=\"5652\" src=\"https:\/\/www.youthottawa.ca\/wp-content\/uploads\/2019\/12\/nayaelah-5.jpg\" class=\"attachment-full size-full wp-image-2009\" alt=\"\" srcset=\"https:\/\/www.youthottawa.ca\/wp-content\/uploads\/2019\/12\/nayaelah-5.jpg 3972w, https:\/\/www.youthottawa.ca\/wp-content\/uploads\/2019\/12\/nayaelah-5-211x300.jpg 211w, https:\/\/www.youthottawa.ca\/wp-content\/uploads\/2019\/12\/nayaelah-5-768x1093.jpg 768w, https:\/\/www.youthottawa.ca\/wp-content\/uploads\/2019\/12\/nayaelah-5-720x1024.jpg 720w\" sizes=\"auto, 100vw\" \/>\t\t\t\t\t\t\t\t\t\t\t\t\t\t<\/div>\n\t\t\t\t\t\t<\/div>\n\t\t\t\t<\/div>\n\t\t\t\t\t\t<\/div>\n\t\t\t\t\t<\/div>\n\t\t<\/div>\n\t\t\t\t\t\t\t\t<\/div>\n\t\t\t\t\t<\/div>\n\t\t<\/section>\n\t\t\t\t<section class=\"has_eae_slider elementor-section elementor-top-section elementor-element elementor-element-5afb979 elementor-section-boxed elementor-section-height-default elementor-section-height-default\" data-id=\"5afb979\" data-element_type=\"section\">\n\t\t\t\t\t\t<div class=\"elementor-container elementor-column-gap-default\">\n\t\t\t\t\t\t\t<div class=\"elementor-row\">\n\t\t\t\t\t<div class=\"has_eae_slider elementor-column elementor-col-100 elementor-top-column elementor-element elementor-element-688f7a7\" data-id=\"688f7a7\" data-element_type=\"column\">\n\t\t\t<div class=\"elementor-column-wrap elementor-element-populated\">\n\t\t\t\t\t\t\t<div class=\"elementor-widget-wrap\">\n\t\t\t\t\t\t<div class=\"elementor-element elementor-element-faafabb elementor-widget elementor-widget-image\" data-id=\"faafabb\" data-element_type=\"widget\" data-widget_type=\"image.default\">\n\t\t\t\t<div class=\"elementor-widget-container\">\n\t\t\t\t\t\t\t\t<div class=\"elementor-image\">\n\t\t\t\t\t\t\t\t\t\t\t\t<img loading=\"lazy\" decoding=\"async\" width=\"1700\" height=\"830\" src=\"https:\/\/www.youthottawa.ca\/wp-content\/uploads\/2019\/12\/Nayaelah-2.jpg\" class=\"attachment-full size-full wp-image-2010\" alt=\"\" srcset=\"https:\/\/www.youthottawa.ca\/wp-content\/uploads\/2019\/12\/Nayaelah-2.jpg 1700w, https:\/\/www.youthottawa.ca\/wp-content\/uploads\/2019\/12\/Nayaelah-2-300x146.jpg 300w, https:\/\/www.youthottawa.ca\/wp-content\/uploads\/2019\/12\/Nayaelah-2-768x375.jpg 768w, https:\/\/www.youthottawa.ca\/wp-content\/uploads\/2019\/12\/Nayaelah-2-1024x500.jpg 1024w\" sizes=\"auto, 100vw\" \/>\t\t\t\t\t\t\t\t\t\t\t\t\t\t<\/div>\n\t\t\t\t\t\t<\/div>\n\t\t\t\t<\/div>\n\t\t\t\t<div class=\"elementor-element elementor-element-0adbf87 elementor-widget elementor-widget-text-editor\" data-id=\"0adbf87\" data-element_type=\"widget\" data-widget_type=\"text-editor.default\">\n\t\t\t\t<div class=\"elementor-widget-container\">\n\t\t\t\t\t\t\t\t<div class=\"elementor-text-editor elementor-clearfix\">\n\t\t\t\t<p><span style=\"font-weight: 400;\">Environ 3 ans apr\u00e8s avoir lanc\u00e9 \u00a8Empower\u2019em\u00a8, je me suis engag\u00e9e aupr\u00e8s de Jeunesse Ottawa par l\u2019interm\u00e9diaire de \u00a8OYEC\u00a8, le Comit\u00e9 d\u2019engagement des jeunes d\u2019Ottawa. Pendant cette p\u00e9riode, j\u2019ai \u00e9galement fait des demandes de subventions pour soutenir \u00a8Empower\u2019em\u00a8. L'une des subventions nous obligeait \u00e0 trouver un mentor pour l\u2019organisation. J\u2019ai pris contact avec eux et ils ont accept\u00e9 de m\u2019aider \u00e0 100%.\u00a0<\/span><\/p><p><b>Ce que j\u2019aime dans l\u2019approche de Jeunesse Ottawa, c\u2019est qu\u2019ils \u00e9coutent activement ce dont les jeunes ont besoin et qu\u2019ils s\u2019appuient sur ces informations, au lieu de donner imm\u00e9diatement leur avis.<i>. <\/i><\/b><span style=\"font-weight: 400;\">Notre relation s'est d\u00e9velopp\u00e9e au cours de la derni\u00e8re ann\u00e9e et ils ont vraiment donn\u00e9 un fier coup de pouce \u00e0 la croissance \u00a8d'Empower'em\u00a8 gr\u00e2ce \u00e0 leurs conseils et leur mentorat. Voici quelques exemples de leur soutien : Ils g\u00e8rent les fonds pour nous, nous aident \u00e0 cr\u00e9er de la documentation officielle, recherchent constamment des opportunit\u00e9s qui pourraient nous \u00eatre utiles, nous lient \u00e0 des s\u00e9minaires et \u00e0 d'autres \u00e9v\u00e9nements \u00e0 but non lucratif et, plus r\u00e9cemment, ont embauch\u00e9 l'un de nos membres b\u00e9n\u00e9voles dans le cadre de <a href=\"http:\/\/www.youthottawa.ca\/fr\/latest\/\"><u>leur programme de bourses d\u2019entrepreneuriat<\/u><\/a> l'\u00e9t\u00e9 dernier. Au cours de l'\u00e9t\u00e9, l'une des membres de l'\u00e9quipe \u00a8d'Empower'em\u00a8, Brenda, a particip\u00e9 \u00e0 la cr\u00e9ation d'un canevas de mod\u00e8le d\u2019entreprise pour nous aider \u00e0 conceptualiser la transformation \u00a8d\u2019Empower'em\u00a8 en un mod\u00e8le d'entreprise sociale. Mon espoir est de faire enregistrer \u00a8Empower\u2019em\u00a8 en tant qu\u2019organisation \u00e0 but non lucratif, de cr\u00e9er une entreprise sociale pour g\u00e9n\u00e9rer des revenus - et d'utiliser nos exp\u00e9riences v\u00e9cues en tant que jeunes et en tant que femmes de couleur pour redonner \u00e0 la communaut\u00e9 et ainsi cr\u00e9er des espaces plus diversifi\u00e9s et plus inclusifs. Finalement, nous aimerions aussi cr\u00e9er un sommet annuel qui rassemblerait des femmes de couleur de partout au Canada pour c\u00e9l\u00e9brer leurs r\u00e9alisations, apprendre les unes des autres et transmettre leurs comp\u00e9tences en mati\u00e8re de leadership.\u00a0<\/span><\/p>\t\t\t\t\t<\/div>\n\t\t\t\t\t\t<\/div>\n\t\t\t\t<\/div>\n\t\t\t\t\t\t<\/div>\n\t\t\t\t\t<\/div>\n\t\t<\/div>\n\t\t\t\t\t\t\t\t<\/div>\n\t\t\t\t\t<\/div>\n\t\t<\/section>\n\t\t\t\t<section class=\"has_eae_slider elementor-section elementor-top-section elementor-element elementor-element-77bf52b6 elementor-section-height-min-height elementor-section-content-middle elementor-section-boxed elementor-section-height-default elementor-section-items-middle\" data-id=\"77bf52b6\" data-element_type=\"section\" data-settings=\"{&quot;background_background&quot;:&quot;classic&quot;}\">\n\t\t\t\t\t\t\t<div class=\"elementor-background-overlay\"><\/div>\n\t\t\t\t\t\t\t<div class=\"elementor-container elementor-column-gap-narrow\">\n\t\t\t\t\t\t\t<div class=\"elementor-row\">\n\t\t\t\t\t<div class=\"has_eae_slider elementor-column elementor-col-100 elementor-top-column elementor-element elementor-element-4fac4fce\" data-id=\"4fac4fce\" data-element_type=\"column\" data-settings=\"{&quot;background_background&quot;:&quot;classic&quot;}\">\n\t\t\t<div class=\"elementor-column-wrap elementor-element-populated\">\n\t\t\t\t\t\t\t<div class=\"elementor-widget-wrap\">\n\t\t\t\t\t\t<div class=\"elementor-element elementor-element-5cfeb263 elementor-widget elementor-widget-text-editor\" data-id=\"5cfeb263\" data-element_type=\"widget\" data-widget_type=\"text-editor.default\">\n\t\t\t\t<div class=\"elementor-widget-container\">\n\t\t\t\t\t\t\t\t<div class=\"elementor-text-editor elementor-clearfix\">\n\t\t\t\t<p><span style=\"font-weight: 400;\">Ce que j\u2019aime dans l\u2019approche de Jeunesse Ottawa, c\u2019est qu\u2019ils \u00e9coutent activement ce dont les jeunes ont besoin et qu\u2019ils s\u2019appuient sur ces informations, au lieu de donner imm\u00e9diatement leur avis. Notre relation s'est d\u00e9velopp\u00e9e au cours de la derni\u00e8re ann\u00e9e et ils ont vraiment donn\u00e9 un fier coup de pouce \u00e0 la croissance \u00a8d'Empower'em\u00a8 gr\u00e2ce \u00e0 leurs conseils et leur mentorat.<\/span><\/p>\t\t\t\t\t<\/div>\n\t\t\t\t\t\t<\/div>\n\t\t\t\t<\/div>\n\t\t\t\t\t\t<\/div>\n\t\t\t\t\t<\/div>\n\t\t<\/div>\n\t\t\t\t\t\t\t\t<\/div>\n\t\t\t\t\t<\/div>\n\t\t<\/section>\n\t\t\t\t<section class=\"has_eae_slider elementor-section elementor-top-section elementor-element elementor-element-44ae168 elementor-section-boxed elementor-section-height-default elementor-section-height-default\" data-id=\"44ae168\" data-element_type=\"section\">\n\t\t\t\t\t\t<div class=\"elementor-container elementor-column-gap-default\">\n\t\t\t\t\t\t\t<div class=\"elementor-row\">\n\t\t\t\t\t<div class=\"has_eae_slider elementor-column elementor-col-100 elementor-top-column elementor-element elementor-element-678b748\" data-id=\"678b748\" data-element_type=\"column\">\n\t\t\t<div class=\"elementor-column-wrap elementor-element-populated\">\n\t\t\t\t\t\t\t<div class=\"elementor-widget-wrap\">\n\t\t\t\t\t\t<div class=\"elementor-element elementor-element-8eae9ba elementor-widget elementor-widget-spacer\" data-id=\"8eae9ba\" data-element_type=\"widget\" data-widget_type=\"spacer.default\">\n\t\t\t\t<div class=\"elementor-widget-container\">\n\t\t\t\t\t<div class=\"elementor-spacer\">\n\t\t\t<div class=\"elementor-spacer-inner\"><\/div>\n\t\t<\/div>\n\t\t\t\t<\/div>\n\t\t\t\t<\/div>\n\t\t\t\t\t\t<\/div>\n\t\t\t\t\t<\/div>\n\t\t<\/div>\n\t\t\t\t\t\t\t\t<\/div>\n\t\t\t\t\t<\/div>\n\t\t<\/section>\n\t\t\t\t<section class=\"has_eae_slider elementor-section elementor-top-section elementor-element elementor-element-7b6cd2bf elementor-section-content-bottom elementor-section-boxed elementor-section-height-default elementor-section-height-default\" data-id=\"7b6cd2bf\" data-element_type=\"section\" data-settings=\"{&quot;background_background&quot;:&quot;classic&quot;}\">\n\t\t\t\t\t\t<div class=\"elementor-container elementor-column-gap-default\">\n\t\t\t\t\t\t\t<div class=\"elementor-row\">\n\t\t\t\t\t<div class=\"has_eae_slider elementor-column elementor-col-100 elementor-top-column elementor-element elementor-element-299a680\" data-id=\"299a680\" data-element_type=\"column\">\n\t\t\t<div class=\"elementor-column-wrap\">\n\t\t\t\t\t\t\t<div class=\"elementor-widget-wrap\">\n\t\t\t\t\t\t\t\t<\/div>\n\t\t\t\t\t<\/div>\n\t\t<\/div>\n\t\t\t\t\t\t\t\t<\/div>\n\t\t\t\t\t<\/div>\n\t\t<\/section>\n\t\t\t\t<section class=\"has_eae_slider elementor-section elementor-top-section elementor-element elementor-element-2e3876d elementor-section-boxed elementor-section-height-default elementor-section-height-default\" data-id=\"2e3876d\" data-element_type=\"section\">\n\t\t\t\t\t\t<div class=\"elementor-container elementor-column-gap-default\">\n\t\t\t\t\t\t\t<div class=\"elementor-row\">\n\t\t\t\t\t<div class=\"has_eae_slider elementor-column elementor-col-100 elementor-top-column elementor-element elementor-element-7cc2456\" data-id=\"7cc2456\" data-element_type=\"column\">\n\t\t\t<div class=\"elementor-column-wrap elementor-element-populated\">\n\t\t\t\t\t\t\t<div class=\"elementor-widget-wrap\">\n\t\t\t\t\t\t<div class=\"elementor-element elementor-element-36ee164 elementor-widget elementor-widget-text-editor\" data-id=\"36ee164\" data-element_type=\"widget\" data-widget_type=\"text-editor.default\">\n\t\t\t\t<div class=\"elementor-widget-container\">\n\t\t\t\t\t\t\t\t<div class=\"elementor-text-editor elementor-clearfix\">\n\t\t\t\t<p><span style=\"font-weight: 400;\">J'ai immigr\u00e9 au Canada juste avant mes 13 ans, il y a un peu plus de 10 ans, et c'est l\u00e0 que j'ai grandi. Pour tout jeune, ces ann\u00e9es sont un moment vital de sa vie lorsqu'il construit ses valeurs et ses croyances. Pendant ces ann\u00e9es, j'ai trouv\u00e9 des moyens de m'int\u00e9grer dans la soci\u00e9t\u00e9 canadienne en \u00e9tant moi-m\u00eame, en explorant qui je suis et en ne compromettant pas les valeurs et les croyances que je d\u00e9tiens. Pour essayer de s'int\u00e9grer, de nombreuses personnes renoncent \u00e0 leur v\u00e9ritable moi. Gr\u00e2ce \u00e0 \u00a8Empower\u2019em\u00a8, j'esp\u00e8re inspirer les jeunes femmes \u00e0 \u00eatre elles-m\u00eames et \u00e0 se sentir accept\u00e9es pour ce qu\u2019elles sont avec le soutien de leurs pairs. Je suis reconnaissante pour le syst\u00e8me de soutien des organismes communautaires comme Jeunesse Ottawa qui croient et soutiennent notre mission.\u00a0<\/span><\/p>\t\t\t\t\t<\/div>\n\t\t\t\t\t\t<\/div>\n\t\t\t\t<\/div>\n\t\t\t\t\t\t<\/div>\n\t\t\t\t\t<\/div>\n\t\t<\/div>\n\t\t\t\t\t\t\t\t<\/div>\n\t\t\t\t\t<\/div>\n\t\t<\/section>\n\t\t\t\t\t\t\t\t\t<\/div>\n\t\t\t<\/div>\n\t\t\t\t\t<\/div>","protected":false},"excerpt":{"rendered":"<p>Youth Spotlight Nayaelah Siddiqui is a 24-year-old student in her final year at the University of Ottawa. While in school, Nayaelah also works for Global Affairs in the International Platform Branch and is an entrepreneur, operating Empower\u2019em a grassroots group providing safe spaces and accessible leadership programming for young women of colour in the City &hellip; <\/p>\n<p class=\"link-more\"><a href=\"https:\/\/www.youthottawa.ca\/fr\/youthstories-empowerem\/\" class=\"more-link\">Continuer la lecture<span class=\"screen-reader-text\"> de &laquo; Creating safe spaces for women of colour &raquo;<\/span><\/a><\/p>","protected":false},"author":2,"featured_media":2007,"comment_status":"open","ping_status":"open","sticky":false,"template":"elementor_header_footer","format":"standard","meta":{"footnotes":""},"categories":[19],"tags":[],"class_list":["post-1997","post","type-post","status-publish","format-standard","has-post-thumbnail","hentry","category-uncategorized-en"],"_links":{"self":[{"href":"https:\/\/www.youthottawa.ca\/fr\/wp-json\/wp\/v2\/posts\/1997","targetHints":{"allow":["GET"]}}],"collection":[{"href":"https:\/\/www.youthottawa.ca\/fr\/wp-json\/wp\/v2\/posts"}],"about":[{"href":"https:\/\/www.youthottawa.ca\/fr\/wp-json\/wp\/v2\/types\/post"}],"author":[{"embeddable":true,"href":"https:\/\/www.youthottawa.ca\/fr\/wp-json\/wp\/v2\/users\/2"}],"replies":[{"embeddable":true,"href":"https:\/\/www.youthottawa.ca\/fr\/wp-json\/wp\/v2\/comments?post=1997"}],"version-history":[{"count":0,"href":"https:\/\/www.youthottawa.ca\/fr\/wp-json\/wp\/v2\/posts\/1997\/revisions"}],"wp:featuredmedia":[{"embeddable":true,"href":"https:\/\/www.youthottawa.ca\/fr\/wp-json\/wp\/v2\/media\/2007"}],"wp:attachment":[{"href":"https:\/\/www.youthottawa.ca\/fr\/wp-json\/wp\/v2\/media?parent=1997"}],"wp:term":[{"taxonomy":"category","embeddable":true,"href":"https:\/\/www.youthottawa.ca\/fr\/wp-json\/wp\/v2\/categories?post=1997"},{"taxonomy":"post_tag","embeddable":true,"href":"https:\/\/www.youthottawa.ca\/fr\/wp-json\/wp\/v2\/tags?post=1997"}],"curies":[{"name":"wp","href":"https:\/\/api.w.org\/{rel}","templated":true}]}}